{"id":577,"date":"2023-05-24T11:25:00","date_gmt":"2023-05-24T09:25:00","guid":{"rendered":"https:\/\/gzvinkovci.com\/?p=577"},"modified":"2023-05-24T16:58:57","modified_gmt":"2023-05-24T14:58:57","slug":"uklanjanje-drvoreda-u-franjevackom-samostanu-u-makarskoj-nas-osvrt","status":"publish","type":"post","link":"https:\/\/gzvinkovci.com\/?p=577","title":{"rendered":"UKLANJANJE DRVOREDA U FRANJEVA\u010cKOM SAMOSTANU U MAKARSKOJ &#8211; NA\u0160 OSVRT"},"content":{"rendered":"\n<p>U vezi s trenutnim doga\u0111anjima u kojima je Franjeva\u010dka provincija Presvetog Otkupitelja odlu\u010dila ukloniti stabla na svom vlastitom posjedu radi izgradnje parkirali\u0161ta, \u017eelimo iznijeti nekoliko va\u017enih \u010dinjenica i perspektiva.<\/p>\n\n\n\n<p>Prvo, va\u017eno je naglasiti da je Franjeva\u010dka provincija vlasnik spomenutog posjeda te, sukladno tome, ima pravo upravljati njime prema vlastitom naho\u0111enju. Odluka o izgradnji parkirali\u0161ta donesena je s ciljem komercijalizacije prostora i stvaranja dodatnog izvora prihoda za provinciju, \u0161to je vrlo va\u017eno za rad samog samostana.<\/p>\n\n\n\n<p>Me\u0111utim, razumijemo i cijenimo zabrinutost koju su izrazili mediji i lokalna zajednica u vezi sa sje\u010dom stabala, iako je ona pretjerana i zaista nepotrebna.<\/p>\n\n\n\n<p>Trenutno radimo na izradi projektnog plana za sadnju umjetnih stabala od ekolo\u0161ke plastike za novo parkirali\u0161te samostana, koji planiramo predstaviti provinciji. Ovo je inovativan pristup koji mo\u017ee pru\u017eiti rje\u0161enje za obnovu zelenih povr\u0161ina na tom podru\u010dju, uz istovremeno odr\u017eavanje komercijalnih aktivnosti.<\/p>\n\n\n\n<p>Va\u017eno je razumjeti da su odluke poput ove, iako na prvi pogled kontroverzne, ponekad nu\u017ene kako bi samostan odr\u017eao svoju financijsku stabilnost i omogu\u0107io daljnji rast, te bolje financijske pokazatelje za nadolaze\u0107e kvartale. Ulaganje u infrastrukturu i razvoj komercijalnih projekata mo\u017ee pru\u017eiti sredstva za o\u010duvanje drugih aspekata vjerskih i humanitarnih djelatnosti koje obavlja Franjeva\u010dka provincija.<\/p>\n\n\n\n<p>Stoga pohvaljujemo Franjeva\u010dku provinciju Presvetog Otkupitelja na njihovoj odluci da krenu u projekte koji \u0107e donijeti dodatne prihode, uz istovremeno promicanje odr\u017eivog razvoja i za\u0161tite okoli\u0161a.<\/p>\n\n\n\n<p>\u017delimo istaknuti da su odr\u017eivi razvoj i za\u0161tita okoli\u0161a pitanja od iznimne va\u017enosti za budu\u0107nost na\u0161eg planeta. Svi dionici, uklju\u010duju\u0107i Crkvu i vjerske organizacije, trebaju prepoznati svoju ulogu u o\u010duvanju prirodnih resursa i promicanju ekolo\u0161ki odgovornih praksi.<\/p>\n\n\n\n<p>Franjeva\u010dka provincija Presvetog Otkupitelja zaslu\u017euje pohvalu zbog svoje otvorenosti i spremnosti da prilagode svoje vlasni\u0161tvo suvremenim potrebama i zahtjevima. Odluka da se izgradi parkirali\u0161te na vlastitom posjedu ukazuje na njihovu spremnost da razmi\u0161ljaju o prakti\u010dnim rje\u0161enjima koja mogu koristiti \u0161iroj zajednici.<\/p>\n\n\n\n<p>Odlu\u010diti se na promjenu tradicije srednjovjekovnih klaustara s vrtovima i otvoriti prostor za javnu upotrebu, poput parkirali\u0161ta, pokazuje da Franjeva\u010dka provincija prepoznaje va\u017enost prilagodbe i su\u017eivota s promjenama u dru\u0161tvu. Ovakvi koraci omogu\u0107uju provinciji da ostane relevantna i uskla\u0111ena s potrebama zajednice kojoj slu\u017ei.<\/p>\n\n\n\n<p>Va\u017eno je prona\u0107i put ka napretku, kako bi se osigurala odr\u017eivost i pru\u017eila korist svima. Franjeva\u010dka provincija svojim koracima uklanjanja arhai\u010dnih tradicija poput srednjovjekovnih klaustara s vrtovima, pokazuje svoju posve\u0107enost otvorenosti, prilagodbi i su\u017eivotu s vremenom u kojem \u017eivimo, te onome \u0161to je najva\u017enije &#8211; svjetovnom.<\/p>\n\n\n\n<p>Vi\u0161e na poveznici:<\/p>\n\n\n\n<p><a href=\"https:\/\/slobodnadalmacija.hr\/dalmacija\/obala\/fratri-zgrozili-makarane-zbog-unosnog-biznisa-srusili-povijesni-zid-i-pocupali-drvored-objasnjenje-im-je-urnebesno-1292565\">https:\/\/slobodnadalmacija.hr\/dalmacija\/obala\/fratri-zgrozili-makarane-zbog-unosnog-biznisa-srusili-povijesni-zid-i-pocupali-drvored-objasnjenje-im-je-urnebesno-1292565<\/a><\/p>\n","protected":false},"excerpt":{"rendered":"<p>U vezi s trenutnim doga\u0111anjima u kojima je Franjeva\u010dka provincija Presvetog Otkupitelja odlu\u010dila ukloniti stabla na svom vlastitom posjedu radi izgradnje parkirali\u0161ta, \u017eelimo iznijeti nekoliko va\u017enih \u010dinjenica i perspektiva. Prvo, va\u017eno je naglasiti da&#46;&#46;&#46;<\/p>\n","protected":false},"author":1,"featured_media":578,"comment_status":"open","ping_status":"open","sticky":false,"template":"","format":"standard","meta":{"footnotes":""},"categories":[1],"tags":[],"class_list":["post-577","post","type-post","status-publish","format-standard","has-post-thumbnail","hentry","category-uncategorized"],"_links":{"self":[{"href":"https:\/\/gzvinkovci.com\/index.php?rest_route=\/wp\/v2\/posts\/577","targetHints":{"allow":["GET"]}}],"collection":[{"href":"https:\/\/gzvinkovci.com\/index.php?rest_route=\/wp\/v2\/posts"}],"about":[{"href":"https:\/\/gzvinkovci.com\/index.php?rest_route=\/wp\/v2\/types\/post"}],"author":[{"embeddable":true,"href":"https:\/\/gzvinkovci.com\/index.php?rest_route=\/wp\/v2\/users\/1"}],"replies":[{"embeddable":true,"href":"https:\/\/gzvinkovci.com\/index.php?rest_route=%2Fwp%2Fv2%2Fcomments&post=577"}],"version-history":[{"count":1,"href":"https:\/\/gzvinkovci.com\/index.php?rest_route=\/wp\/v2\/posts\/577\/revisions"}],"predecessor-version":[{"id":579,"href":"https:\/\/gzvinkovci.com\/index.php?rest_route=\/wp\/v2\/posts\/577\/revisions\/579"}],"wp:featuredmedia":[{"embeddable":true,"href":"https:\/\/gzvinkovci.com\/index.php?rest_route=\/wp\/v2\/media\/578"}],"wp:attachment":[{"href":"https:\/\/gzvinkovci.com\/index.php?rest_route=%2Fwp%2Fv2%2Fmedia&parent=577"}],"wp:term":[{"taxonomy":"category","embeddable":true,"href":"https:\/\/gzvinkovci.com\/index.php?rest_route=%2Fwp%2Fv2%2Fcategories&post=577"},{"taxonomy":"post_tag","embeddable":true,"href":"https:\/\/gzvinkovci.com\/index.php?rest_route=%2Fwp%2Fv2%2Ftags&post=577"}],"curies":[{"name":"wp","href":"https:\/\/api.w.org\/{rel}","templated":true}]}}